[{"@context":"https:\/\/schema.org\/","@type":"Article","@id":"https:\/\/www.dokr.cz\/hacky-na-oslave\/#Article","mainEntityOfPage":"https:\/\/www.dokr.cz\/hacky-na-oslave\/","headline":"H\u00e1\u010dky na oslav\u011b","name":"H\u00e1\u010dky na oslav\u011b","description":"Pov\u00edm v\u00e1m, \u017ee politika je n\u011bkdy opravdu hodn\u011b zr\u00e1dn\u00e1, proto\u017ee \u010dlov\u011bk nikdy nev\u00ed, co si p\u00e1ni politici anebo d\u00e1my\u00a0politi\u010dky zase vyberou, aby t\u0159eba n\u011bkoho na\u0161tvali. [&hellip;]","datePublished":"2024-05-22","dateModified":"2024-05-22","author":{"@type":"Person","@id":"https:\/\/www.dokr.cz\/author\/#Person","name":"","url":"https:\/\/www.dokr.cz\/author\/","identifier":1,"image":{"@type":"ImageObject","@id":"https:\/\/secure.gravatar.com\/avatar\/0c4621640b5c0734669aeb181ef77969b528487727344f28e734a206566ea0f1?s=96&d=mm&r=g","url":"https:\/\/secure.gravatar.com\/avatar\/0c4621640b5c0734669aeb181ef77969b528487727344f28e734a206566ea0f1?s=96&d=mm&r=g","height":96,"width":96}},"publisher":{"@type":"Organization","name":"dokr.cz","logo":{"@type":"ImageObject","@id":"\/logo.png","url":"\/logo.png","width":600,"height":60}},"image":{"@type":"ImageObject","@id":"https:\/\/www.dokr.cz\/wp-content\/uploads\/federal-chancellery-203931_960_720.jpg","url":"https:\/\/www.dokr.cz\/wp-content\/uploads\/federal-chancellery-203931_960_720.jpg","height":0,"width":0},"url":"https:\/\/www.dokr.cz\/hacky-na-oslave\/","about":["Politika"],"wordCount":423,"articleBody":"Pov\u00edm v\u00e1m, \u017ee politika je n\u011bkdy opravdu hodn\u011b zr\u00e1dn\u00e1, proto\u017ee \u010dlov\u011bk nikdy nev\u00ed, co si p\u00e1ni politici anebo d\u00e1my\u00a0politi\u010dky zase vyberou, aby t\u0159eba n\u011bkoho na\u0161tvali. J\u00e1 to beru tak, \u017ee politika je takov\u00e9 peklo, \u017ee to je n\u011bco jako cirkus, proto\u017ee u\u017e jsem kolikr\u00e1t sly\u0161ela r\u016fzn\u00e9 n\u00e1zory, \u017ee lid\u00e9 se v politice v\u016fbec nevyznaj\u00ed, ale t\u0159eba \u017ee by se cht\u011bli vyznat v politice, \u017ee se to sna\u017e\u00ed pochopit. Proto\u017ee\u00a0je to n\u011bkdy opravdu tak hodn\u011b n\u00e1ro\u010dn\u00e9, \u017ee rad\u011bji opravdu od toho\u00a0upust\u00ed, \u017ee se\u00a0rad\u011bji o politiku nebudou zaj\u00edmat a j\u00e1 se jim n\u011bkdy nediv\u00edm. Kdy\u017e jsem tak\u00e9 s kamar\u00e1dkou \u0159e\u0161ila jednu\u00a0politickou h\u00e1dku, takovou politickou expanzi.Tak jsem si \u0159\u00edkala, \u017ee \u010dlov\u011bk mus\u00ed b\u00fdt asi opravdu hodn\u011b zku\u0161en\u00fd anebo znal\u00fd politiky, aby tohle v\u0161echno pochopil dob\u0159e, aby to pochopil tak, jak je to my\u0161leno doopravdy. Proto\u017ee by potom bylo opravdu velice nevhodn\u00e9, aby t\u0159eba n\u011bkdo pochopil politiku \u00fapln\u011b jinak, ne\u017e doopravdy je, \u017ee by to byl prav\u00fd opak. To by vlastn\u011b \u010dlov\u011bk vlastn\u011b ch\u00e1pal \u00fapln\u011b n\u011bco jin\u00e9ho, ne\u017e to ve skute\u010dnosti je. Ov\u0161em ale tak\u00e9 bych je\u0161t\u011b cht\u011bla zm\u00ednit a tak\u00e9 doporu\u010dit, \u017ee pokud t\u0159eba jste n\u011bkde na n\u011bjak\u00e9 oslav\u011b nebo p\u00e1rty, tak tam se hlavn\u011b nebavte o politice. Pokud tam je hodn\u011b lid\u00ed, tak nikdy nev\u00edte, jak\u00fd kdo m\u00e1 n\u00e1zor, na jakou politickou stranu a nebo na jak\u00e9ho politika. M\u016f\u017ee to b\u00fdt n\u011bkdy opravdu hra na \u017eivot a na smrt.\u00a0M\u016f\u017ee z toho b\u00fdt opravdu velik\u00e1 h\u00e1dka a \u0159eknu v\u00e1m, \u017ee dvakr\u00e1t jsem tohle za\u017eila. Na\u0161t\u011bst\u00ed jsem se neh\u00e1dala j\u00e1 s n\u011bk\u00fdm zn\u00e1m\u00fdm, ale byl to n\u011bkdo zn\u00e1m\u00fd s n\u011bk\u00fdm \u00fapln\u011b ciz\u00edm, koho jsem neznala. A\u00a0bylo to na oslav\u011b a t\u00fdkalo se to politiky. Tak\u017ee od t\u00e9 doby, kdy\u017e jsem tohle vid\u011bla a vid\u011bla jsem to potom i podruh\u00e9 po n\u011bkolika m\u011bs\u00edc\u00edch, tak jsem si \u0159ekla, \u017ee politika na \u017e\u00e1dnou oslavu nebo p\u00e1rty rozhodn\u011b nepat\u0159\u00ed. Mysl\u00edm si, \u017ee v\u0161ichni mi daj\u00ed za pravdu, nikdo nestoj\u00ed o to, aby se potom n\u011bkdo na oslav\u011b h\u00e1dal.\u00a0                                                                                                                                                                                                                                                                                                                                                                                        4\/5 - (10 votes)        "},{"@context":"https:\/\/schema.org\/","@type":"BreadcrumbList","itemListElement":[{"@type":"ListItem","position":1,"name":"H\u00e1\u010dky na oslav\u011b","item":"https:\/\/www.dokr.cz\/hacky-na-oslave\/#breadcrumbitem"}]}]