[{"@context":"https:\/\/schema.org\/","@type":"Article","@id":"https:\/\/www.dokr.cz\/jak-jsou-na-tom-vase-koberce-matrace-a-calouneni-kresel\/#Article","mainEntityOfPage":"https:\/\/www.dokr.cz\/jak-jsou-na-tom-vase-koberce-matrace-a-calouneni-kresel\/","headline":"Jak jsou na tom va\u0161e koberce, matrace a \u010daloun\u011bn\u00ed k\u0159esel","name":"Jak jsou na tom va\u0161e koberce, matrace a \u010daloun\u011bn\u00ed k\u0159esel","description":"Objedn\u00e1v\u00e1te si dom\u016f z\u00e1sah \u00faklidov\u00e9 firmy z Prahy, aby v\u00e1m vypomohla s \u00faklidem p\u0159ed svatebn\u00ed oslavou, p\u0159ed v\u00e1no\u010dn\u00edmi sv\u00e1tky nebo jinou akc\u00ed, kam zvete sv\u00e9 [&hellip;]","datePublished":"2024-10-18","dateModified":"2024-10-18","author":{"@type":"Person","@id":"https:\/\/www.dokr.cz\/author\/#Person","name":"","url":"https:\/\/www.dokr.cz\/author\/","identifier":1,"image":{"@type":"ImageObject","@id":"https:\/\/secure.gravatar.com\/avatar\/0c4621640b5c0734669aeb181ef77969b528487727344f28e734a206566ea0f1?s=96&d=mm&r=g","url":"https:\/\/secure.gravatar.com\/avatar\/0c4621640b5c0734669aeb181ef77969b528487727344f28e734a206566ea0f1?s=96&d=mm&r=g","height":96,"width":96}},"publisher":{"@type":"Organization","name":"dokr.cz","logo":{"@type":"ImageObject","@id":"\/logo.png","url":"\/logo.png","width":600,"height":60}},"image":{"@type":"ImageObject","@id":"https:\/\/www.dokr.cz\/wp-content\/uploads\/sofa-837019_640_1.jpg","url":"https:\/\/www.dokr.cz\/wp-content\/uploads\/sofa-837019_640_1.jpg","height":0,"width":0},"url":"https:\/\/www.dokr.cz\/jak-jsou-na-tom-vase-koberce-matrace-a-calouneni-kresel\/","about":["Byznys"],"wordCount":399,"articleBody":"       Objedn\u00e1v\u00e1te si dom\u016f z\u00e1sah \u00faklidov\u00e9 firmy z Prahy, aby v\u00e1m vypomohla s \u00faklidem p\u0159ed svatebn\u00ed oslavou, p\u0159ed v\u00e1no\u010dn\u00edmi sv\u00e1tky nebo jinou akc\u00ed, kam zvete sv\u00e9 p\u0159\u00e1tele? O\u010dek\u00e1v\u00e1te, \u017ee bude um\u00fdvat okna, d\u016fkladn\u011b vy\u010dist\u00ed koupelnu, kuchy\u0148 a toaletu, a \u017ee nebudete muset ztr\u00e1cet \u010das touto n\u00e1ro\u010dnou \u010dinnost\u00ed? Pak se je\u0161t\u011b zamyslete nad t\u00edm, v jak\u00e9m stavu je v\u00e1\u0161 koberec, va\u0161e \u010daloun\u011bn\u00ed k\u0159esel a sedac\u00ed soupravy.Rozto\u010di, kam se pod\u00edv\u00e1\u0161 \u2013 rozto\u010d je velmi drobn\u00fd organismus, kter\u00fd nen\u00ed viditeln\u00fd pouh\u00fdm okem, ale pouze pod mikroskopem. Rozto\u010di nejsou \u010dlov\u011bku prim\u00e1rn\u011b nebezpe\u010dn\u00ed, nejsou to \u0161t\u011bnice, kter\u00e9 saj\u00ed krev, ani kl\u00ed\u0161\u0165ata, i kdy\u017e tak podobn\u011b vypadaj\u00ed, jejich nebezpe\u010d\u00ed tkv\u00ed v tom, \u017ee vylu\u010duj\u00ed trus, a ten po zaschnut\u00ed used\u00e1 na prach a v\u00ed\u0159\u00ed se s n\u00edm v ovzdu\u0161\u00ed, na\u010de\u017e jej vdechujeme a tato sv\u00e9r\u00e1zn\u00e1 ne\u010distota pronik\u00e1 do krevn\u00edho ob\u011bhu. T\u00edmto zp\u016fsobem se oslabuje imunitn\u00ed syst\u00e9m a mnohdy doch\u00e1z\u00ed k alergick\u00fdm reakc\u00edm, kter\u00e9 mohou vy\u00fastit a\u017e v z\u00e1va\u017en\u00e1 onemocn\u011bn\u00ed.Rozto\u010di se nej\u010dast\u011bji vyskytuj\u00ed tam, kde jim umo\u017en\u00edme konzumovat odum\u0159el\u00e9 ko\u017en\u00ed \u0161upinky a ko\u017en\u00ed maz, a to b\u00fdv\u00e1 nap\u0159\u00edklad v \u010daloun\u011bn\u00ed sedac\u00edch souprav, kuchy\u0148sk\u00fdch \u017eidl\u00ed nebo matrac\u00ed, kde sp\u00edme a odpo\u010d\u00edv\u00e1me. Pr\u00e1v\u011b proto se vyplat\u00ed ob\u010das pozvat do bytu \u00faklidovou firmu, aby provedla d\u016fkladnou o\u010distu v\u0161ech t\u011bchto \u010d\u00e1st\u00ed bytov\u00e9ho prostoru.Bakterie kam se pod\u00edv\u00e1\u0161 \u2013 kdy\u017e u\u017e se bude \u010distit \u010daloun\u011bn\u00ed a matrace, m\u016f\u017eete \u00faklidovou firmu po\u017e\u00e1dat o laskavost, aby si vzala na starost i v\u00e1\u0161 koberec. V n\u011bm sice nefiguruj\u00ed rozto\u010di, ale bakterie, kter\u00e9 rozkl\u00e1daj\u00ed pot z chodidel a z pono\u017eek. Pravideln\u00e9 vys\u00e1v\u00e1n\u00ed vysava\u010dem sice \u010d\u00e1st bakteri\u00ed odstran\u00ed, ale v\u011bt\u0161ina z nich na koberci z\u016fstane a ten pak m\u016f\u017ee za\u010d\u00edt zap\u00e1chat. \u010cistic\u00ed stroj od \u00faklidov\u00e9 firmy si porad\u00ed nejen s ne\u010distotami na kobercov\u00fdch vl\u00e1knech, ale i s od\u00e9rem, kter\u00fd n\u011bkdy m\u016f\u017ee p\u0159ipom\u00ednat \u017elukl\u00e9 m\u00e1slo nebo t\u00fdden no\u0161en\u00e9 \u0161pinav\u00e9 pono\u017eky.                                                                                                                                                                                                                                                                                                                                                                                          4.8\/5 - (6 votes)        "},{"@context":"https:\/\/schema.org\/","@type":"BreadcrumbList","itemListElement":[{"@type":"ListItem","position":1,"name":"Jak jsou na tom va\u0161e koberce, matrace a \u010daloun\u011bn\u00ed k\u0159esel","item":"https:\/\/www.dokr.cz\/jak-jsou-na-tom-vase-koberce-matrace-a-calouneni-kresel\/#breadcrumbitem"}]}]