[{"@context":"https:\/\/schema.org\/","@type":"Article","@id":"https:\/\/www.dokr.cz\/kdyz-snite-o-krasnem-ucesu\/#Article","mainEntityOfPage":"https:\/\/www.dokr.cz\/kdyz-snite-o-krasnem-ucesu\/","headline":"Kdy\u017e sn\u00edte o kr\u00e1sn\u00e9m \u00fa\u010desu","name":"Kdy\u017e sn\u00edte o kr\u00e1sn\u00e9m \u00fa\u010desu","description":"A a\u0165 d\u011bl\u00e1te, co d\u011bl\u00e1te, sna\u017e\u00edte se sebev\u00edc, z va\u0161eho jemn\u00e9ho chm\u00fd\u0159\u00ed, kter\u00e9 pokr\u00fdv\u00e1 va\u0161i hlavu, ne a ne p\u0159ichystat ten spr\u00e1vn\u00fd \u00fa\u010des. A co [&hellip;]","datePublished":"2024-12-06","dateModified":"2024-12-06","author":{"@type":"Person","@id":"https:\/\/www.dokr.cz\/author\/#Person","name":"","url":"https:\/\/www.dokr.cz\/author\/","identifier":1,"image":{"@type":"ImageObject","@id":"https:\/\/secure.gravatar.com\/avatar\/0c4621640b5c0734669aeb181ef77969b528487727344f28e734a206566ea0f1?s=96&d=mm&r=g","url":"https:\/\/secure.gravatar.com\/avatar\/0c4621640b5c0734669aeb181ef77969b528487727344f28e734a206566ea0f1?s=96&d=mm&r=g","height":96,"width":96}},"publisher":{"@type":"Organization","name":"dokr.cz","logo":{"@type":"ImageObject","@id":"\/logo.png","url":"\/logo.png","width":600,"height":60}},"url":"https:\/\/www.dokr.cz\/kdyz-snite-o-krasnem-ucesu\/","wordCount":209,"articleBody":"A a\u0165 d\u011bl\u00e1te, co d\u011bl\u00e1te, sna\u017e\u00edte se sebev\u00edc, z va\u0161eho jemn\u00e9ho chm\u00fd\u0159\u00ed, kter\u00e9 pokr\u00fdv\u00e1 va\u0161i hlavu, ne a ne p\u0159ichystat ten spr\u00e1vn\u00fd \u00fa\u010des. A co teprve p\u0159\u00edprava na slavnostn\u00ed p\u0159\u00edle\u017eitosti, plesy a ve\u010d\u00edrky? To je teprve slo\u017eit\u00e1 \u201ep\u00edsemka\u201c. Tr\u00e1p\u00edte se hodiny v koupeln\u011b a v\u00fdsledek je stejn\u011b v\u017edy docela nejist\u00fd. F\u00e9n sku\u010d\u00ed, voda te\u010de a kart\u00e1\u010d je pln\u00fd chuchvalc\u016f. Zlob\u00edte se na p\u0159\u00edrodu, \u017ee k v\u00e1m v tomhle sm\u011bru nebyla v\u016fbec spravedliv\u00e1. Jenom\u017ee jak v\u00edme, spravedlnost neexistuje. U\u017e se v\u00edce netrapte a zkuste zm\u011bnu P\u0159ij\u010fte nav\u0161t\u00edvit n\u00e1\u0161 sal\u00f3n, kde v\u00e1m profesion\u00e1ln\u00edm zahu\u0161\u0165ov\u00e1n\u00edm a prodlu\u017eov\u00e1n\u00edm vlas\u016f pom\u016f\u017eeme vy\u0159e\u0161it v\u00e1\u0161 probl\u00e9m. Sezn\u00e1m\u00edme v\u00e1s se v\u0161emi mo\u017en\u00fdmi metodami, barvami a strukturou vlas\u016f, p\u0159ekvap\u00ed v\u00e1s na\u0161e p\u0159\u00edzniv\u00e9 ceny a kvalita nab\u00edzen\u00fdch produkt\u016f. Profesion\u00e1ln\u011b odveden\u00e1 pr\u00e1ce bude radost\u00ed nejen pro v\u00e1s, ale i pro n\u00e1s. T\u011b\u0161\u00edme se na va\u0161i n\u00e1v\u0161t\u011bvu.                                                                                                                                                                                                                                                                                                                                                                                        3\/5 - (2 votes)        "},{"@context":"https:\/\/schema.org\/","@type":"BreadcrumbList","itemListElement":[{"@type":"ListItem","position":1,"name":"Kdy\u017e sn\u00edte o kr\u00e1sn\u00e9m \u00fa\u010desu","item":"https:\/\/www.dokr.cz\/kdyz-snite-o-krasnem-ucesu\/#breadcrumbitem"}]}]