[{"@context":"https:\/\/schema.org\/","@type":"Article","@id":"https:\/\/www.dokr.cz\/vyber-pro-kazdy-den\/#Article","mainEntityOfPage":"https:\/\/www.dokr.cz\/vyber-pro-kazdy-den\/","headline":"V\u00fdb\u011br pro ka\u017ed\u00fd den","name":"V\u00fdb\u011br pro ka\u017ed\u00fd den","description":"M\u00e1te r\u00e1d rozmanitost? R\u00e1d se nech\u00e1te ka\u017ed\u00e9 r\u00e1no p\u0159ekvapit novou fotografi\u00ed p\u016fvabn\u00e9 d\u00edvky nebo smysln\u00e9 \u017eeny? Z\u00e1lo\u017eka d\u00edvka dne pro V\u00e1s tedy bude t\u00edm prav\u00fdm. [&hellip;]","datePublished":"2024-11-04","dateModified":"2024-11-04","author":{"@type":"Person","@id":"https:\/\/www.dokr.cz\/author\/#Person","name":"","url":"https:\/\/www.dokr.cz\/author\/","identifier":1,"image":{"@type":"ImageObject","@id":"https:\/\/secure.gravatar.com\/avatar\/0c4621640b5c0734669aeb181ef77969b528487727344f28e734a206566ea0f1?s=96&d=mm&r=g","url":"https:\/\/secure.gravatar.com\/avatar\/0c4621640b5c0734669aeb181ef77969b528487727344f28e734a206566ea0f1?s=96&d=mm&r=g","height":96,"width":96}},"publisher":{"@type":"Organization","name":"dokr.cz","logo":{"@type":"ImageObject","@id":"\/logo.png","url":"\/logo.png","width":600,"height":60}},"url":"https:\/\/www.dokr.cz\/vyber-pro-kazdy-den\/","wordCount":247,"articleBody":"\tM\u00e1te r\u00e1d rozmanitost? R\u00e1d se nech\u00e1te ka\u017ed\u00e9 r\u00e1no p\u0159ekvapit novou fotografi\u00ed p\u016fvabn\u00e9 d\u00edvky nebo smysln\u00e9 \u017eeny? Z\u00e1lo\u017eka d\u00edvka dne pro V\u00e1s tedy bude t\u00edm prav\u00fdm. Ka\u017ed\u00e9 r\u00e1no zde naleznete \u010derstvou fotografii jednoho rozko\u0161n\u00e9ho stvo\u0159en\u00ed, kter\u00e9 pot\u011b\u0161\u00ed Va\u0161e oko i mysl. Vlastn\u011b V\u00e1s pot\u011b\u0161\u00ed dvojn\u00e1sob, proto\u017ee je \u00fapln\u011b zadarmo. Chceme d\u011blat mu\u017e\u016fm radost a zp\u0159\u00edjem\u0148ovat jim nelehk\u00fd \u00fad\u011bl \u017eivitel\u016f rodiny. Rovnou se m\u016f\u017eete i pod\u00edvat, zda by se tu pro V\u00e1s nena\u0161lo i n\u011bco dal\u0161\u00edho, ne\u017e jen pouh\u00e1 fotografie.\tSpole\u010dnost pro osam\u011bl\u00e9 chv\u00edleN\u011bkdy p\u0159edstavy nesta\u010d\u00ed a zatou\u017e\u00edte po osobn\u00edm setk\u00e1n\u00ed. Na\u0161t\u011bst\u00ed to nen\u00ed nemo\u017en\u00e9 a ka\u017edou z\u00a0na\u0161ich krasavic m\u016f\u017eete potkat na\u017eivo. Sta\u010d\u00ed jim jen napsat nebo zavolat, domluvit si sch\u016fzku a pak na ni prost\u011b p\u0159ij\u00edt. \u017d\u00e1dn\u00e9 pokusy naslepo, \u017e\u00e1dn\u00e1 nep\u0159\u00edjemn\u00e1 odm\u00edtnut\u00ed, jen mil\u00fd hlas a \u00fasm\u011bv. Na\u0161e \u017eeny si mu\u017e\u016f V\u00e1\u017e\u00ed a daj\u00ed \u0161anci ka\u017ed\u00e9mu, kdo projev\u00ed sv\u016fj z\u00e1jem. Zkuste i Vy sv\u00e9 \u0161t\u011bst\u00ed a t\u0159eba tu potk\u00e1te \u017eenu, s\u00a0n\u00ed\u017e str\u00e1v\u00edte v\u00edce ne\u017e jeden romantick\u00fd ve\u010der. Jsme p\u0159esv\u011bd\u010deni z\u00a0cel\u00e9ho srdce o tom, \u017ee to za zkou\u0161ku opravdu stoj\u00ed.                                                                                                                                                                                                                                                                                                                                                                                        4.2\/5 - (4 votes)        "},{"@context":"https:\/\/schema.org\/","@type":"BreadcrumbList","itemListElement":[{"@type":"ListItem","position":1,"name":"V\u00fdb\u011br pro ka\u017ed\u00fd den","item":"https:\/\/www.dokr.cz\/vyber-pro-kazdy-den\/#breadcrumbitem"}]}]